{"id":27769,"date":"2022-11-01T09:25:27","date_gmt":"2022-11-01T13:25:27","guid":{"rendered":"https:\/\/gfs.ca\/ideas\/steve-kampstra-retires-cam-godin-becomes-president-gordon-food-service-canada\/"},"modified":"2022-11-01T09:25:27","modified_gmt":"2022-11-01T13:25:27","slug":"steve-kampstra-prend-sa-retraite-cam-godin-devient-president-de-service","status":"publish","type":"post","link":"https:\/\/gfs.ca\/fr-ca\/ideas\/steve-kampstra-retires-cam-godin-becomes-president-gordon-food-service-canada\/","title":{"rendered":"Steve Kampstra prend sa retraite; Cam Godin devient pr\u00e9sident de Service alimentaire Gordon Canada"},"content":{"rendered":"<p>Le 1er novembre 2022 (Wyoming, Michigan) \u2013 Apr\u00e8s plus de 34 ans de service d\u00e9vou\u00e9 \u00e0 notre entreprise, le pr\u00e9sident de Service alimentaire Gordon Canada Steve Kampstra a d\u00e9cid\u00e9 de prendre sa retraite. Nous sommes ravis de vous annoncer que Cam Godin, pr\u00e9c\u00e9demment vice-pr\u00e9sident r\u00e9gional de l\u2019Est du Canada, a \u00e9t\u00e9 nomm\u00e9 pour lui succ\u00e9der.<\/p>\n<p>Steve a commenc\u00e9 sa carri\u00e8re chez Service alimentaire Gordon en 1988 en tant que repr\u00e9sentant. Il a \u00e9t\u00e9 promu \u00e0 plusieurs postes de direction au Canada, notamment pr\u00e9sident de la division d\u2019Ontario, vice-pr\u00e9sident \u00e0 la distribution au Canada et, plus r\u00e9cemment, pr\u00e9sident de Service alimentaire Gordon Canada. Steve a servi l\u2019industrie des services alimentaires en tant que membre du conseil d\u2019administration de Women\u2019s FoodService Forum (Canada) et pr\u00e9sident de la National Food Distribution Association. Il est actuellement membre du conseil d\u2019administration de <a href=\"https:\/\/gs1ca.org\/\">GS1 Canada<\/a> , qui aide \u00e0 d\u00e9finir les normes commerciales mondiales. En prenant sa retraite, Steve nous laisse en h\u00e9ritage ses contributions \u00e0 notre croissance \u00e0 travers le Canada.&nbsp;<\/p>\n<p>Cam a d\u00e9but\u00e9 son parcours professionnel chez Service alimentaire Gordon en 2000 en tant que gestionnaire, Achats et marketing dans la r\u00e9gion de l\u2019Atlantique. Il a \u00e9t\u00e9 promu gestionnaire des op\u00e9rations en 2003 et directeur g\u00e9n\u00e9ral en 2006. En 2020, il a \u00e9t\u00e9 nomm\u00e9 pr\u00e9sident des divisions de l\u2019Ontario et de l\u2019Atlantique avant d\u2019\u00eatre promu \u00e0 son poste actuel. Au d\u00e9but de sa carri\u00e8re chez Service alimentaire Gordon, Cam s\u2019est rendu en Zambie, en Afrique, o\u00f9 il a codirig\u00e9 la premi\u00e8re mission \u00abNous avons le service \u00e0 c\u0153ur\u00bb de l\u2019entreprise.<\/p>\n<p>Joignez-vous \u00e0 nous pour souhaiter \u00e0 Steve le meilleur pour sa retraite bien m\u00e9rit\u00e9e et pour f\u00e9liciter Cam dans son nouveau r\u00f4le de direction.<\/p>\n<p>&nbsp;<\/p>","protected":false},"excerpt":{"rendered":"<p>November 1, 2022 (Wyoming, Michigan) &#8211; After more than 34 years of dedicated service to our company, Steve Kampstra, president of Gordon Food Service Canada, has elected to retire. We are delighted to share that Cam Godin, previously regional vice president &#8211; Eastern Canada, has been promoted as his successor. Steve started his career with [&hellip;]<\/p>\n","protected":false},"author":19,"featured_media":27753,"comment_status":"closed","ping_status":"closed","sticky":false,"template":"","format":"standard","meta":{"_acf_changed":false,"footnotes":""},"categories":[81],"tags":[],"class_list":["post-27769","post","type-post","status-publish","format-standard","has-post-thumbnail","hentry","category-newsroom"],"acf":[],"yoast_head":"<!-- This site is optimized with the Yoast SEO Premium plugin v22.9 (Yoast SEO v27.0) - https:\/\/yoast.com\/product\/yoast-seo-premium-wordpress\/ -->\n<title>Steve Kampstra retires, Cam Godin becomes President, Gordon Food Service Canada | Gordon Food Service<\/title>\n<meta name=\"robots\" content=\"index, follow, max-snippet:-1, max-image-preview:large, max-video-preview:-1\" \/>\n<link rel=\"canonical\" href=\"https:\/\/gfs.ca\/fr-ca\/ideas\/steve-kampstra-prend-sa-retraite-cam-godin-devient-president-de-service\/\" \/>\n<meta property=\"og:locale\" content=\"fr_CA\" \/>\n<meta property=\"og:type\" content=\"article\" \/>\n<meta property=\"og:title\" content=\"Steve Kampstra retires, Cam Godin becomes President, Gordon Food Service Canada\" \/>\n<meta property=\"og:description\" content=\"November 1, 2022 (Wyoming, Michigan) &#8211; After more than 34 years of dedicated service to our company, Steve Kampstra, president of Gordon Food Service Canada, has elected to retire. We are delighted to share that Cam Godin, previously regional vice president &#8211; Eastern Canada, has been promoted as his successor. Steve started his career with [&hellip;]\" \/>\n<meta property=\"og:url\" content=\"https:\/\/gfs.ca\/fr-ca\/ideas\/steve-kampstra-prend-sa-retraite-cam-godin-devient-president-de-service\/\" \/>\n<meta property=\"og:site_name\" content=\"Gordon Food Service\" \/>\n<meta property=\"article:publisher\" content=\"https:\/\/www.facebook.com\/GordonFoodService\/\" \/>\n<meta property=\"article:published_time\" content=\"2022-11-01T13:25:27+00:00\" \/>\n<meta property=\"og:image\" content=\"https:\/\/gfs.ca\/wp-content\/uploads\/2023\/01\/CamandSteve3_0.jpg\" \/>\n\t<meta property=\"og:image:width\" content=\"600\" \/>\n\t<meta property=\"og:image:height\" content=\"428\" \/>\n\t<meta property=\"og:image:type\" content=\"image\/jpeg\" \/>\n<meta name=\"author\" content=\"Cody Rivers\" \/>\n<meta name=\"twitter:card\" content=\"summary_large_image\" \/>\n<meta name=\"twitter:creator\" content=\"@cody.rivers@gfs.com\" \/>\n<meta name=\"twitter:site\" content=\"@GFSDelivers\" \/>\n<meta name=\"twitter:label1\" content=\"\u00c9crit par\" \/>\n\t<meta name=\"twitter:data1\" content=\"Cody Rivers\" \/>\n\t<meta name=\"twitter:label2\" content=\"Estimation du temps de lecture\" \/>\n\t<meta name=\"twitter:data2\" content=\"1 minute\" \/>\n<!-- \/ Yoast SEO Premium plugin. -->","yoast_head_json":{"title":"Steve Kampstra prend sa retraite; Cam Godin devient pr\u00e9sident de Service alimentaire Gordon Canada | Service alimentaire Gordon","robots":{"index":"index","follow":"follow","max-snippet":"max-snippet:-1","max-image-preview":"max-image-preview:large","max-video-preview":"max-video-preview:-1"},"canonical":"https:\/\/gfs.ca\/fr-ca\/ideas\/steve-kampstra-prend-sa-retraite-cam-godin-devient-president-de-service\/","og_locale":"fr_CA","og_type":"article","og_title":"Steve Kampstra retires, Cam Godin becomes President, Gordon Food Service Canada","og_description":"November 1, 2022 (Wyoming, Michigan) &#8211; After more than 34 years of dedicated service to our company, Steve Kampstra, president of Gordon Food Service Canada, has elected to retire. We are delighted to share that Cam Godin, previously regional vice president &#8211; Eastern Canada, has been promoted as his successor. Steve started his career with [&hellip;]","og_url":"https:\/\/gfs.ca\/fr-ca\/ideas\/steve-kampstra-prend-sa-retraite-cam-godin-devient-president-de-service\/","og_site_name":"Gordon Food Service","article_publisher":"https:\/\/www.facebook.com\/GordonFoodService\/","article_published_time":"2022-11-01T13:25:27+00:00","og_image":[{"width":600,"height":428,"url":"https:\/\/gfs.ca\/wp-content\/uploads\/2023\/01\/CamandSteve3_0.jpg","type":"image\/jpeg"}],"author":"Cody Rivers","twitter_card":"summary_large_image","twitter_creator":"@cody.rivers@gfs.com","twitter_site":"@GFSDelivers","twitter_misc":{"\u00c9crit par":"Cody Rivers","Estimation du temps de lecture":"1 minute"},"schema":{"@context":"https:\/\/schema.org","@graph":[{"@type":"Article","@id":"https:\/\/gfs.ca\/en-ca\/ideas\/steve-kampstra-retires-cam-godin-becomes-president-gordon-food-service-canada\/#article","isPartOf":{"@id":"https:\/\/gfs.ca\/en-ca\/ideas\/steve-kampstra-retires-cam-godin-becomes-president-gordon-food-service-canada\/"},"author":{"name":"Cody Rivers","@id":"https:\/\/gfs.ca\/en-ca\/#\/schema\/person\/ac2dd585b10d08ce15daca230d897374"},"headline":"Steve Kampstra retires, Cam Godin becomes President, Gordon Food Service Canada","datePublished":"2022-11-01T13:25:27+00:00","mainEntityOfPage":{"@id":"https:\/\/gfs.ca\/en-ca\/ideas\/steve-kampstra-retires-cam-godin-becomes-president-gordon-food-service-canada\/"},"wordCount":251,"publisher":{"@id":"https:\/\/gfs.ca\/en-ca\/#organization"},"image":{"@id":"https:\/\/gfs.ca\/en-ca\/ideas\/steve-kampstra-retires-cam-godin-becomes-president-gordon-food-service-canada\/#primaryimage"},"thumbnailUrl":"https:\/\/gfs.ca\/wp-content\/uploads\/2023\/01\/CamandSteve3_0.jpg","articleSection":["Newsroom"],"inLanguage":"fr-CA"},{"@type":["WebPage","CollectionPage"],"@id":"https:\/\/gfs.ca\/en-ca\/ideas\/steve-kampstra-retires-cam-godin-becomes-president-gordon-food-service-canada\/","url":"https:\/\/gfs.ca\/en-ca\/ideas\/steve-kampstra-retires-cam-godin-becomes-president-gordon-food-service-canada\/","name":"Steve Kampstra prend sa retraite; Cam Godin devient pr\u00e9sident de Service alimentaire Gordon Canada | Service alimentaire Gordon","isPartOf":{"@id":"https:\/\/gfs.ca\/en-ca\/#website"},"primaryImageOfPage":{"@id":"https:\/\/gfs.ca\/en-ca\/ideas\/steve-kampstra-retires-cam-godin-becomes-president-gordon-food-service-canada\/#primaryimage"},"image":{"@id":"https:\/\/gfs.ca\/en-ca\/ideas\/steve-kampstra-retires-cam-godin-becomes-president-gordon-food-service-canada\/#primaryimage"},"thumbnailUrl":"https:\/\/gfs.ca\/wp-content\/uploads\/2023\/01\/CamandSteve3_0.jpg","datePublished":"2022-11-01T13:25:27+00:00","breadcrumb":{"@id":"https:\/\/gfs.ca\/en-ca\/ideas\/steve-kampstra-retires-cam-godin-becomes-president-gordon-food-service-canada\/#breadcrumb"},"inLanguage":"fr-CA"},{"@type":"ImageObject","inLanguage":"fr-CA","@id":"https:\/\/gfs.ca\/en-ca\/ideas\/steve-kampstra-retires-cam-godin-becomes-president-gordon-food-service-canada\/#primaryimage","url":"https:\/\/gfs.ca\/wp-content\/uploads\/2023\/01\/CamandSteve3_0.jpg","contentUrl":"https:\/\/gfs.ca\/wp-content\/uploads\/2023\/01\/CamandSteve3_0.jpg","width":600,"height":428},{"@type":"BreadcrumbList","@id":"https:\/\/gfs.ca\/en-ca\/ideas\/steve-kampstra-retires-cam-godin-becomes-president-gordon-food-service-canada\/#breadcrumb","itemListElement":[{"@type":"ListItem","position":1,"name":"Home","item":"https:\/\/gfs.ca\/en-ca\/"},{"@type":"ListItem","position":2,"name":"Steve Kampstra retires, Cam Godin becomes President, Gordon Food Service Canada"}]},{"@type":"WebSite","@id":"https:\/\/gfs.ca\/en-ca\/#website","url":"https:\/\/gfs.ca\/en-ca\/","name":"Service alimentaire Gordon","description":"","publisher":{"@id":"https:\/\/gfs.ca\/en-ca\/#organization"},"potentialAction":[{"@type":"SearchAction","target":{"@type":"EntryPoint","urlTemplate":"https:\/\/gfs.ca\/en-ca\/?s={search_term_string}"},"query-input":{"@type":"PropertyValueSpecification","valueRequired":true,"valueName":"search_term_string"}}],"inLanguage":"fr-CA"},{"@type":"Organization","@id":"https:\/\/gfs.ca\/en-ca\/#organization","name":"Service alimentaire Gordon","url":"https:\/\/gfs.ca\/en-ca\/","logo":{"@type":"ImageObject","inLanguage":"fr-CA","@id":"https:\/\/gfs.ca\/en-ca\/#\/schema\/logo\/image\/","url":"https:\/\/gfs.ca\/wp-content\/uploads\/2025\/11\/GFS-EN-Logo-og-image.png","contentUrl":"https:\/\/gfs.ca\/wp-content\/uploads\/2025\/11\/GFS-EN-Logo-og-image.png","width":1200,"height":630,"caption":"Gordon Food Service"},"image":{"@id":"https:\/\/gfs.ca\/en-ca\/#\/schema\/logo\/image\/"},"sameAs":["https:\/\/www.facebook.com\/GordonFoodService\/","https:\/\/x.com\/GFSDelivers","https:\/\/www.instagram.com\/gordonfoodservice\/","https:\/\/www.linkedin.com\/company\/gordon-food-service\/"]},{"@type":"Person","@id":"https:\/\/gfs.ca\/en-ca\/#\/schema\/person\/ac2dd585b10d08ce15daca230d897374","name":"Cody Rivers","image":{"@type":"ImageObject","inLanguage":"fr-CA","@id":"https:\/\/gfs.ca\/en-ca\/#\/schema\/person\/image\/","url":"https:\/\/secure.gravatar.com\/avatar\/a9b81a7281ffd8fc2d52ce39faf1be6f131db67bdc3ed5914928324e202f21f7?s=96&d=mm&r=g","contentUrl":"https:\/\/secure.gravatar.com\/avatar\/a9b81a7281ffd8fc2d52ce39faf1be6f131db67bdc3ed5914928324e202f21f7?s=96&d=mm&r=g","caption":"Cody Rivers"},"sameAs":["https:\/\/x.com\/cody.rivers@gfs.com"]}]}},"_links":{"self":[{"href":"https:\/\/gfs.ca\/fr-ca\/wp-json\/wp\/v2\/posts\/27769","targetHints":{"allow":["GET"]}}],"collection":[{"href":"https:\/\/gfs.ca\/fr-ca\/wp-json\/wp\/v2\/posts"}],"about":[{"href":"https:\/\/gfs.ca\/fr-ca\/wp-json\/wp\/v2\/types\/post"}],"author":[{"embeddable":true,"href":"https:\/\/gfs.ca\/fr-ca\/wp-json\/wp\/v2\/users\/19"}],"replies":[{"embeddable":true,"href":"https:\/\/gfs.ca\/fr-ca\/wp-json\/wp\/v2\/comments?post=27769"}],"version-history":[{"count":0,"href":"https:\/\/gfs.ca\/fr-ca\/wp-json\/wp\/v2\/posts\/27769\/revisions"}],"wp:featuredmedia":[{"embeddable":true,"href":"https:\/\/gfs.ca\/fr-ca\/wp-json\/wp\/v2\/media\/27753"}],"wp:attachment":[{"href":"https:\/\/gfs.ca\/fr-ca\/wp-json\/wp\/v2\/media?parent=27769"}],"wp:term":[{"taxonomy":"category","embeddable":true,"href":"https:\/\/gfs.ca\/fr-ca\/wp-json\/wp\/v2\/categories?post=27769"},{"taxonomy":"post_tag","embeddable":true,"href":"https:\/\/gfs.ca\/fr-ca\/wp-json\/wp\/v2\/tags?post=27769"}],"curies":[{"name":"wp","href":"https:\/\/api.w.org\/{rel}","templated":true}]}}